{"id":215,"date":"2020-02-03T19:51:04","date_gmt":"2020-02-03T19:51:04","guid":{"rendered":"http:\/\/idm314.es\/?p=215"},"modified":"2020-02-03T19:51:04","modified_gmt":"2020-02-03T19:51:04","slug":"i-olimpiada-matematica-alevin-de-la-comunidad-de-madrid-para-alumnos-de-6ep","status":"publish","type":"post","link":"https:\/\/idm314.es\/index.php\/2020\/02\/03\/i-olimpiada-matematica-alevin-de-la-comunidad-de-madrid-para-alumnos-de-6ep\/","title":{"rendered":"I Olimpiada Matem\u00e1tica Alev\u00edn de la Comunidad de Madrid para alumnos de 6\u00b0EP"},"content":{"rendered":"\n<p><br> I Olimpiada Matem\u00e1tica Alev\u00edn de la Comunidad de Madrid para alumnos de 6\u00b0EP.<\/p>\n\n\n\n<p><br> Los colegios de la Comunidad de Madrid podr\u00e1n inscribir a un alumno a trav\u00e9s del formulario de la p\u00e1gina <a rel=\"noreferrer noopener\" href=\"http:\/\/www.smpm.es\" target=\"_blank\">www.smpm.es<\/a>.<br> Informaci\u00f3n y bases de la convocatoria en la misma p\u00e1gina.<br> Las pruebas se celebrar\u00e1n en la Facultad de Matem\u00e1ticas de la UCM el d\u00eda 14\/03\/2020 por la ma\u00f1ana.<\/p>\n\n\n\n<p>Organizadores:<br>\nSociedad Madrile\u00f1a de Profesores de Matem\u00e1ticas \u00abEmma Castelnuovo\u00bb<\/p>\n\n\n\n<p>Lugar:<br>\nMadrid \u2013 Facultad de Matem\u00e1ticas de la UCM<\/p>\n\n\n\n<p>Plazas y Reserva:<br>\nLos centros educativos a trav\u00e9s de la p\u00e1gina <a href=\"http:\/\/www.smpm.es\" target=\"_blank\" rel=\"noreferrer noopener\">www.smpm.es<\/a><\/p>\n\n\n\n<p>Patrocinadores:<br> SMPM<\/p>\n","protected":false},"excerpt":{"rendered":"<p>I Olimpiada Matem\u00e1tica Alev\u00edn de la Comunidad de Madrid para alumnos de 6\u00b0EP. Los colegios de la Comunidad de Madrid podr\u00e1n inscribir a un alumno a trav\u00e9s del formulario de la p\u00e1gina www.smpm.es. Informaci\u00f3n y bases de la convocatoria en la misma p\u00e1gina. Las pruebas se celebrar\u00e1n en la Facultad de Matem\u00e1ticas de la UCM&hellip;&nbsp;<a href=\"https:\/\/idm314.es\/index.php\/2020\/02\/03\/i-olimpiada-matematica-alevin-de-la-comunidad-de-madrid-para-alumnos-de-6ep\/\" class=\"\" rel=\"bookmark\">Leer m\u00e1s &raquo;<span class=\"screen-reader-text\">I Olimpiada Matem\u00e1tica Alev\u00edn de la Comunidad de Madrid para alumnos de 6\u00b0EP<\/span><\/a><\/p>\n","protected":false},"author":2,"featured_media":0,"comment_status":"closed","ping_status":"open","sticky":false,"template":"","format":"standard","meta":{"neve_meta_sidebar":"","neve_meta_container":"","neve_meta_enable_content_width":"","neve_meta_content_width":0,"neve_meta_title_alignment":"","neve_meta_author_avatar":"","neve_post_elements_order":"","neve_meta_disable_header":"","neve_meta_disable_footer":"","neve_meta_disable_title":""},"categories":[2],"tags":[4],"_links":{"self":[{"href":"https:\/\/idm314.es\/index.php\/wp-json\/wp\/v2\/posts\/215"}],"collection":[{"href":"https:\/\/idm314.es\/index.php\/wp-json\/wp\/v2\/posts"}],"about":[{"href":"https:\/\/idm314.es\/index.php\/wp-json\/wp\/v2\/types\/post"}],"author":[{"embeddable":true,"href":"https:\/\/idm314.es\/index.php\/wp-json\/wp\/v2\/users\/2"}],"replies":[{"embeddable":true,"href":"https:\/\/idm314.es\/index.php\/wp-json\/wp\/v2\/comments?post=215"}],"version-history":[{"count":0,"href":"https:\/\/idm314.es\/index.php\/wp-json\/wp\/v2\/posts\/215\/revisions"}],"wp:attachment":[{"href":"https:\/\/idm314.es\/index.php\/wp-json\/wp\/v2\/media?parent=215"}],"wp:term":[{"taxonomy":"category","embeddable":true,"href":"https:\/\/idm314.es\/index.php\/wp-json\/wp\/v2\/categories?post=215"},{"taxonomy":"post_tag","embeddable":true,"href":"https:\/\/idm314.es\/index.php\/wp-json\/wp\/v2\/tags?post=215"}],"curies":[{"name":"wp","href":"https:\/\/api.w.org\/{rel}","templated":true}]}}