{"id":225,"date":"2020-02-20T17:59:09","date_gmt":"2020-02-20T17:59:09","guid":{"rendered":"http:\/\/idm314.es\/?p=225"},"modified":"2020-02-20T17:59:09","modified_gmt":"2020-02-20T17:59:09","slug":"jornada-bcam-naukas-dia-de-pi","status":"publish","type":"post","link":"https:\/\/idm314.es\/index.php\/2020\/02\/20\/jornada-bcam-naukas-dia-de-pi\/","title":{"rendered":"JORNADA BCAM-NAUKAS D\u00cdA DE PI"},"content":{"rendered":"\n<p>JORNADA BCAM-NAUKAS D\u00cdA DE PI<br>\nEste a\u00f1o se celebra la tercera edici\u00f3n que se desarrollar\u00e1 durante el \nviernes 13 de marzo en el Bizkaia Aretoa de la UPV\/EHU (Bilbao).<br>\nLa jornada consta de dos partes: la primera consistir\u00e1 en una serie de \ntalleres dirigidos a centros escolares de primaria y secundaria, que \ntienen como finalidad acercar las matem\u00e1ticas a los, y las, j\u00f3venes \nestudiantes de una forma l\u00fadica y atractiva, intentando despertar su \ninter\u00e9s por esta ciencia. <\/p>\n\n\n\n<p>La segunda parte de la jornada BCAM-NAUKAS en el D\u00eda de pi consistir\u00e1\n en una serie de mon\u00f3logos cient\u00edficos de 15 minutos, que empezar\u00e1n a \nlas 19:00, y tratar\u00e1n sobre fascinantes temas de las matem\u00e1ticas.<\/p>\n\n\n\n<p>Organizadores:<br>\nBasque Center for applied Mathematics (BCAM), C\u00e1tedra de Cultura \nCient\u00edfica de la Universidad el Pa\u00eds Vasco\/Euskal Herriko \nUnibertsitatea, Naukas<\/p>\n\n\n\n<p>Lugar:<br>\n13 de marzo de 2020 en Bizkaia Aretoa, Bilbao<\/p>\n\n\n\n<p>Plazas y Reserva:<br>\nConsultar en <a href=\"https:\/\/naukas.com\/2020\/02\/13\/programa-provisional-de-bcam-naukas-bilbao-13-marzo\/\" target=\"_blank\" rel=\"noreferrer noopener\">https:\/\/naukas.com\/2020\/02\/13\/programa-provisional-de-bcam-naukas-bilbao-13-marzo\/<\/a><\/p>\n\n\n\n<p>Pattrocinadores:<br>\nBasque Center for applied Mathematics (BCAM), C\u00e1tedra de Cultura \nCient\u00edfica de la Universidad el Pa\u00eds Vasco\/Euskal Herriko \nUnibertsitatea, Naukas<\/p>\n","protected":false},"excerpt":{"rendered":"<p>JORNADA BCAM-NAUKAS D\u00cdA DE PI Este a\u00f1o se celebra la tercera edici\u00f3n que se desarrollar\u00e1 durante el viernes 13 de marzo en el Bizkaia Aretoa de la UPV\/EHU (Bilbao). La jornada consta de dos partes: la primera consistir\u00e1 en una serie de talleres dirigidos a centros escolares de primaria y secundaria, que tienen como finalidad&hellip;&nbsp;<a href=\"https:\/\/idm314.es\/index.php\/2020\/02\/20\/jornada-bcam-naukas-dia-de-pi\/\" class=\"\" rel=\"bookmark\">Leer m\u00e1s &raquo;<span class=\"screen-reader-text\">JORNADA BCAM-NAUKAS D\u00cdA DE PI<\/span><\/a><\/p>\n","protected":false},"author":2,"featured_media":0,"comment_status":"closed","ping_status":"open","sticky":false,"template":"","format":"standard","meta":{"neve_meta_sidebar":"","neve_meta_container":"","neve_meta_enable_content_width":"","neve_meta_content_width":0,"neve_meta_title_alignment":"","neve_meta_author_avatar":"","neve_post_elements_order":"","neve_meta_disable_header":"","neve_meta_disable_footer":"","neve_meta_disable_title":""},"categories":[2],"tags":[],"_links":{"self":[{"href":"https:\/\/idm314.es\/index.php\/wp-json\/wp\/v2\/posts\/225"}],"collection":[{"href":"https:\/\/idm314.es\/index.php\/wp-json\/wp\/v2\/posts"}],"about":[{"href":"https:\/\/idm314.es\/index.php\/wp-json\/wp\/v2\/types\/post"}],"author":[{"embeddable":true,"href":"https:\/\/idm314.es\/index.php\/wp-json\/wp\/v2\/users\/2"}],"replies":[{"embeddable":true,"href":"https:\/\/idm314.es\/index.php\/wp-json\/wp\/v2\/comments?post=225"}],"version-history":[{"count":0,"href":"https:\/\/idm314.es\/index.php\/wp-json\/wp\/v2\/posts\/225\/revisions"}],"wp:attachment":[{"href":"https:\/\/idm314.es\/index.php\/wp-json\/wp\/v2\/media?parent=225"}],"wp:term":[{"taxonomy":"category","embeddable":true,"href":"https:\/\/idm314.es\/index.php\/wp-json\/wp\/v2\/categories?post=225"},{"taxonomy":"post_tag","embeddable":true,"href":"https:\/\/idm314.es\/index.php\/wp-json\/wp\/v2\/tags?post=225"}],"curies":[{"name":"wp","href":"https:\/\/api.w.org\/{rel}","templated":true}]}}