{"id":228,"date":"2020-02-20T18:03:18","date_gmt":"2020-02-20T18:03:18","guid":{"rendered":"http:\/\/idm314.es\/?p=228"},"modified":"2020-02-20T18:03:18","modified_gmt":"2020-02-20T18:03:18","slug":"concurso-de-fotografia-ies-mar-de-poniente","status":"publish","type":"post","link":"https:\/\/idm314.es\/index.php\/2020\/02\/20\/concurso-de-fotografia-ies-mar-de-poniente\/","title":{"rendered":"Concurso de fotograf\u00eda IES Mar de poniente"},"content":{"rendered":"\n<p><br> Concurso de fotograf\u00eda destinado a todo el alumnado del centro, con  motivo de la celebraci\u00f3n del D\u00eda Internacional de la Matem\u00e1ticas, 14 de  Marzo, cuyo lema es \u00abLas Matem\u00e1ticas est\u00e1n en todas partes\u00bb.<\/p>\n\n\n\n<p>Organizadores:<br>\nDPTO MATEM\u00c1TICAS IES MAR DE PONIENTE<\/p>\n\n\n\n<p>Lugar:<br>\nIES PAR DE PONIENTE<\/p>\n\n\n\n<p>Plazas y Reserva:<br>\nPara todo el alumnado del centro<\/p>\n\n\n\n<p>Pattrocinadores:<br>\nIES MAR DE PONIENTE<\/p>\n\n\n\n<p>Informaci\u00f3n Adicional:<br>\nCon motivo de la celebraci\u00f3n del D\u00eda Internacional de las Matem\u00e1ticas,<br>\nel Departamento de Matem\u00e1ticas del I.E.S. Mar de Poniente convoca:<br>\nCONCURSO DE FOTOGRAF\u00cdA DIGITAL:\u201cLAS MATEM\u00c1TICAS EST\u00c1N EN TODAS PARTES\u201d<br>\nBASES DEL CONCURSO:<br>\n\u00bfQUI\u00c9NES PUEDEN PARTICIPAR? Todo el alumnado del I.E.S.<br>\nMar de Poniente.<br>\n AUTOR\u00cdA DE LAS IM\u00c1GENES: Las fotograf\u00edas deben ser originales<br>\ny en ning\u00fan caso se aceptar\u00e1n fotograf\u00edas descargadas de Internet,<br>\nni escaneadas de ning\u00fan tipo de medio gr\u00e1fico.<br>\nTEMA: El tema de las fotograf\u00edas tiene que estar relacionado con el<br>\nmundo de las matem\u00e1ticas, en sus m\u00faltiples manifestaciones.<br>\n PRESENTACI\u00d3N: Se presentar\u00e1n en formato digital jpg. Las<br>\nfotograf\u00edas ser\u00e1n debidamente identificadas con un t\u00edtulo que ponga<br>\nde manifiesto la condici\u00f3n matem\u00e1tica del concurso.<br>\n ENV\u00cdO DE FOTOGRAF\u00cdAS: Para participar ser\u00e1 necesario enviar<br>\nun mensaje de correo electr\u00f3nico a la direcci\u00f3n:<br>\n<a href=\"mailto:fotomatematica.iesmardeponiente@gmail.com\" target=\"_blank\" rel=\"noreferrer noopener\">fotomatematica.iesmardeponiente@gmail.com<\/a><br>\n Con el nombre completo y curso del concursante, el t\u00edtulo de las<br>\nfotograf\u00edas, as\u00ed como los archivos adjuntos correspondientes a<br>\nlas fotograf\u00edas. El n\u00famero m\u00e1ximo de fotos que puede presentar<br>\ncada concursante es de 3.<br>\nPLAZO DE PRESENTACI\u00d3N<br>\nEl plazo de presentaci\u00f3n finaliza el viernes 6 de marzo .<br>\nPREMIOS:<br>\nPRIMER PREMIO: Tarjeta regalo Media Markt 50\u20ac<br>\nSEGUNDO PREMIO:Tarjeta regalo MediaMarkt 30 \u20ac<br>\nTERCER PREMIO:Tarjeta regalo MediaMarkt 20 \u20ac<\/p>\n","protected":false},"excerpt":{"rendered":"<p>Concurso de fotograf\u00eda destinado a todo el alumnado del centro, con motivo de la celebraci\u00f3n del D\u00eda Internacional de la Matem\u00e1ticas, 14 de Marzo, cuyo lema es \u00abLas Matem\u00e1ticas est\u00e1n en todas partes\u00bb. Organizadores: DPTO MATEM\u00c1TICAS IES MAR DE PONIENTE Lugar: IES PAR DE PONIENTE Plazas y Reserva: Para todo el alumnado del centro Pattrocinadores:&hellip;&nbsp;<a href=\"https:\/\/idm314.es\/index.php\/2020\/02\/20\/concurso-de-fotografia-ies-mar-de-poniente\/\" class=\"\" rel=\"bookmark\">Leer m\u00e1s &raquo;<span class=\"screen-reader-text\">Concurso de fotograf\u00eda IES Mar de poniente<\/span><\/a><\/p>\n","protected":false},"author":2,"featured_media":0,"comment_status":"closed","ping_status":"open","sticky":false,"template":"","format":"standard","meta":{"neve_meta_sidebar":"","neve_meta_container":"","neve_meta_enable_content_width":"","neve_meta_content_width":0,"neve_meta_title_alignment":"","neve_meta_author_avatar":"","neve_post_elements_order":"","neve_meta_disable_header":"","neve_meta_disable_footer":"","neve_meta_disable_title":""},"categories":[2],"tags":[],"_links":{"self":[{"href":"https:\/\/idm314.es\/index.php\/wp-json\/wp\/v2\/posts\/228"}],"collection":[{"href":"https:\/\/idm314.es\/index.php\/wp-json\/wp\/v2\/posts"}],"about":[{"href":"https:\/\/idm314.es\/index.php\/wp-json\/wp\/v2\/types\/post"}],"author":[{"embeddable":true,"href":"https:\/\/idm314.es\/index.php\/wp-json\/wp\/v2\/users\/2"}],"replies":[{"embeddable":true,"href":"https:\/\/idm314.es\/index.php\/wp-json\/wp\/v2\/comments?post=228"}],"version-history":[{"count":0,"href":"https:\/\/idm314.es\/index.php\/wp-json\/wp\/v2\/posts\/228\/revisions"}],"wp:attachment":[{"href":"https:\/\/idm314.es\/index.php\/wp-json\/wp\/v2\/media?parent=228"}],"wp:term":[{"taxonomy":"category","embeddable":true,"href":"https:\/\/idm314.es\/index.php\/wp-json\/wp\/v2\/categories?post=228"},{"taxonomy":"post_tag","embeddable":true,"href":"https:\/\/idm314.es\/index.php\/wp-json\/wp\/v2\/tags?post=228"}],"curies":[{"name":"wp","href":"https:\/\/api.w.org\/{rel}","templated":true}]}}